{"id":882,"date":"2026-03-14T07:35:47","date_gmt":"2026-03-14T06:35:47","guid":{"rendered":"https:\/\/vealp.fr\/?p=882"},"modified":"2026-04-02T14:30:03","modified_gmt":"2026-04-02T12:30:03","slug":"la-fete-de-la-picardiere-23-et-24-mai-2026","status":"publish","type":"post","link":"https:\/\/vealp.fr\/index.php\/2026\/03\/14\/la-fete-de-la-picardiere-23-et-24-mai-2026\/","title":{"rendered":"La f\u00eate de la Picardi\u00e8re : 23 et 24 mai 2026"},"content":{"rendered":"<p style=\"text-align: center;\"><span style=\"font-size: 20px;\"><strong><span style=\"color: #ff9900;\">La f\u00eate de la Picardi\u00e8re, c&rsquo;est les 23 et 24 mai 2026.<\/span><\/strong><\/span><\/p>\n<p>Au programme : troc plantes, chansons avec <em>Quand Ca Nous Chante<\/em>, concert des <em>Kitch&rsquo;gardens<\/em>, <a href=\"https:\/\/takassime.com\/\" target=\"_blank\" rel=\"noopener\">Takassimes<\/a> -danses orientales, d\u00e9monstration rock par la <a href=\"https:\/\/fiva.asso.fr\/\" target=\"_blank\" rel=\"noopener\">FIVA<\/a>, spectacles pour enfants avec les<a href=\"https:\/\/vengeurdemasque.fr\/\" target=\"_blank\" rel=\"noopener\"> Mini Vengeurs<\/a> et <a href=\"https:\/\/www.camilleroquencourt.com\/\" target=\"_blank\" rel=\"noopener\">Cirqu&rsquo;\u00e0 Cyclette<\/a>, <a href=\"https:\/\/lepredupetitbois.com\/\" target=\"_blank\" rel=\"noopener\">Graines de bonheurs<\/a> et ses \u00e2nes, jeux de pistes avec l&rsquo;<a href=\"http:\/\/www.asca.asso.fr\" target=\"_blank\" rel=\"noopener\">ASCA<\/a>, concours de p\u00e9tanque, repas partag\u00e9, buvette et petite restauration, etc.<\/p>\n<p style=\"text-align: center;\"><strong>Venez participer \u00e0 la f\u00eate et \u00e0 sa pr\u00e9paration &#8230;<\/strong><\/p>\n<p><a href=\"http:\/\/vealp.fr\/wp-content\/uploads\/Fete-de-la-Picardiere-2_page-0001-1.jpg\" target=\"_blank\" rel=\"noopener\"><img loading=\"lazy\" decoding=\"async\" class=\"alignleft wp-image-895\" src=\"http:\/\/vealp.fr\/wp-content\/uploads\/Fete-de-la-Picardiere-2_page-0001-1-212x300.jpg\" alt=\"\" width=\"322\" height=\"456\" srcset=\"https:\/\/vealp.fr\/wp-content\/uploads\/Fete-de-la-Picardiere-2_page-0001-1-212x300.jpg 212w, https:\/\/vealp.fr\/wp-content\/uploads\/Fete-de-la-Picardiere-2_page-0001-1-724x1024.jpg 724w, https:\/\/vealp.fr\/wp-content\/uploads\/Fete-de-la-Picardiere-2_page-0001-1-768x1086.jpg 768w, https:\/\/vealp.fr\/wp-content\/uploads\/Fete-de-la-Picardiere-2_page-0001-1-1086x1536.jpg 1086w, https:\/\/vealp.fr\/wp-content\/uploads\/Fete-de-la-Picardiere-2_page-0001-1-849x1200.jpg 849w, https:\/\/vealp.fr\/wp-content\/uploads\/Fete-de-la-Picardiere-2_page-0001-1-453x640.jpg 453w, https:\/\/vealp.fr\/wp-content\/uploads\/Fete-de-la-Picardiere-2_page-0001-1.jpg 1241w\" sizes=\"auto, (max-width: 322px) 100vw, 322px\" \/><\/a><a href=\"http:\/\/vealp.fr\/wp-content\/uploads\/FETE-DE-LA-PICARDIEREe.png\" target=\"_blank\" rel=\"noopener\"><img loading=\"lazy\" decoding=\"async\" class=\"alignright wp-image-903\" src=\"http:\/\/vealp.fr\/wp-content\/uploads\/FETE-DE-LA-PICARDIEREe-212x300.png\" alt=\"\" width=\"317\" height=\"448\" srcset=\"https:\/\/vealp.fr\/wp-content\/uploads\/FETE-DE-LA-PICARDIEREe-212x300.png 212w, https:\/\/vealp.fr\/wp-content\/uploads\/FETE-DE-LA-PICARDIEREe-724x1024.png 724w, https:\/\/vealp.fr\/wp-content\/uploads\/FETE-DE-LA-PICARDIEREe-768x1086.png 768w, https:\/\/vealp.fr\/wp-content\/uploads\/FETE-DE-LA-PICARDIEREe-1086x1536.png 1086w, https:\/\/vealp.fr\/wp-content\/uploads\/FETE-DE-LA-PICARDIEREe-1273x1800.png 1273w, https:\/\/vealp.fr\/wp-content\/uploads\/FETE-DE-LA-PICARDIEREe-848x1200.png 848w, https:\/\/vealp.fr\/wp-content\/uploads\/FETE-DE-LA-PICARDIEREe-452x640.png 452w, https:\/\/vealp.fr\/wp-content\/uploads\/FETE-DE-LA-PICARDIEREe.png 1414w\" sizes=\"auto, (max-width: 317px) 100vw, 317px\" \/><\/a><\/p>\n<p>&nbsp;<\/p>\n<p>&nbsp;<\/p>\n<p>&nbsp;<\/p>\n<p>&nbsp;<\/p>\n<p>&nbsp;<\/p>\n<p>&nbsp;<\/p>\n<p>&nbsp;<\/p>\n<p>&nbsp;<\/p>\n<p>&nbsp;<\/p>\n<p>&nbsp;<\/p>\n<p style=\"text-align: center;\"><a href=\"https:\/\/vealp.fr\/index.php\/2025\/04\/09\/fete-de-la-picardiere-17-et-18-mai-2025\/\" target=\"_blank\" rel=\"noopener\"><strong><span style=\"color: #0000ff; font-size: 24px;\">Voir la f\u00eate 2025<\/span><\/strong><\/a><\/p>\n<p>&nbsp;<\/p>\n","protected":false},"excerpt":{"rendered":"<p>La f\u00eate de la Picardi\u00e8re, c&rsquo;est les 23 et 24 mai 2026. Au programme : troc plantes, chansons avec Quand Ca Nous Chante, concert des Kitch&rsquo;gardens, Takassimes -danses orientales, d\u00e9monstration rock par la FIVA, spectacles pour enfants avec&#8230; <a class=\"read-more\" href=\"https:\/\/vealp.fr\/index.php\/2026\/03\/14\/la-fete-de-la-picardiere-23-et-24-mai-2026\/\">Read More<\/a><\/p>\n","protected":false},"author":1,"featured_media":0,"comment_status":"closed","ping_status":"closed","sticky":false,"template":"","format":"standard","meta":{"footnotes":""},"categories":[39],"tags":[],"chanson":[],"class_list":["post-882","post","type-post","status-publish","format-standard","hentry","category-evenement","no-comments"],"_links":{"self":[{"href":"https:\/\/vealp.fr\/index.php\/wp-json\/wp\/v2\/posts\/882","targetHints":{"allow":["GET"]}}],"collection":[{"href":"https:\/\/vealp.fr\/index.php\/wp-json\/wp\/v2\/posts"}],"about":[{"href":"https:\/\/vealp.fr\/index.php\/wp-json\/wp\/v2\/types\/post"}],"author":[{"embeddable":true,"href":"https:\/\/vealp.fr\/index.php\/wp-json\/wp\/v2\/users\/1"}],"replies":[{"embeddable":true,"href":"https:\/\/vealp.fr\/index.php\/wp-json\/wp\/v2\/comments?post=882"}],"version-history":[{"count":12,"href":"https:\/\/vealp.fr\/index.php\/wp-json\/wp\/v2\/posts\/882\/revisions"}],"predecessor-version":[{"id":914,"href":"https:\/\/vealp.fr\/index.php\/wp-json\/wp\/v2\/posts\/882\/revisions\/914"}],"wp:attachment":[{"href":"https:\/\/vealp.fr\/index.php\/wp-json\/wp\/v2\/media?parent=882"}],"wp:term":[{"taxonomy":"category","embeddable":true,"href":"https:\/\/vealp.fr\/index.php\/wp-json\/wp\/v2\/categories?post=882"},{"taxonomy":"post_tag","embeddable":true,"href":"https:\/\/vealp.fr\/index.php\/wp-json\/wp\/v2\/tags?post=882"},{"taxonomy":"chanson","embeddable":true,"href":"https:\/\/vealp.fr\/index.php\/wp-json\/wp\/v2\/chanson?post=882"}],"curies":[{"name":"wp","href":"https:\/\/api.w.org\/{rel}","templated":true}]}}