{"id":868,"date":"2026-03-12T07:14:37","date_gmt":"2026-03-12T06:14:37","guid":{"rendered":"https:\/\/vealp.fr\/?p=868"},"modified":"2026-03-14T07:49:50","modified_gmt":"2026-03-14T06:49:50","slug":"au-foyer-chavaneau-voyage-en-musique","status":"publish","type":"post","link":"https:\/\/vealp.fr\/index.php\/2026\/03\/12\/au-foyer-chavaneau-voyage-en-musique\/","title":{"rendered":"Au foyer Chavaneau : voyage en musique"},"content":{"rendered":"<p style=\"text-align: justify;\"><a href=\"http:\/\/vealp.fr\/wp-content\/uploads\/2026-01-23_VEALP-Chavaneau-scaled.jpg\"><img loading=\"lazy\" decoding=\"async\" class=\"wp-image-870 alignright\" src=\"http:\/\/vealp.fr\/wp-content\/uploads\/2026-01-23_VEALP-Chavaneau-300x169.jpg\" alt=\"\" width=\"398\" height=\"224\" srcset=\"https:\/\/vealp.fr\/wp-content\/uploads\/2026-01-23_VEALP-Chavaneau-300x169.jpg 300w, https:\/\/vealp.fr\/wp-content\/uploads\/2026-01-23_VEALP-Chavaneau-1024x576.jpg 1024w, https:\/\/vealp.fr\/wp-content\/uploads\/2026-01-23_VEALP-Chavaneau-768x432.jpg 768w, https:\/\/vealp.fr\/wp-content\/uploads\/2026-01-23_VEALP-Chavaneau-1536x864.jpg 1536w, https:\/\/vealp.fr\/wp-content\/uploads\/2026-01-23_VEALP-Chavaneau-2048x1152.jpg 2048w, https:\/\/vealp.fr\/wp-content\/uploads\/2026-01-23_VEALP-Chavaneau-1800x1013.jpg 1800w, https:\/\/vealp.fr\/wp-content\/uploads\/2026-01-23_VEALP-Chavaneau-640x360.jpg 640w\" sizes=\"auto, (max-width: 398px) 100vw, 398px\" \/><\/a>Le 23 janvier 2026, la chorale \u00ab\u00a0<a href=\"https:\/\/vealp.fr\/index.php\/quand-ca-nous-chante\/\" target=\"_blank\" rel=\"noopener\"><strong><em>Quand Ca Nous Chante<\/em><\/strong><\/a>\u00a0\u00bb s&rsquo;est produite au foyer Chavaneau, \u00e0 Saint Jean de Braye, devant une salle bien remplie.<\/p>\n<p style=\"text-align: justify;\">Elle a emmen\u00e9 le public dans un tourbillon vivant de notes. Un moment agr\u00e9able pour revisiter un r\u00e9pertoire de chansons fran\u00e7aises ; un voyage sugg\u00e9r\u00e9 par des petites notes de musique qui vous balladent de l&rsquo;Irlande su Nord, du c\u00f4t\u00e9 de Memphis, sous le soleil de l&rsquo;Italie et dans le sud, et vous met au coeur &#8230; une esp\u00e9rance folle pour l&rsquo;ann\u00e9e qui commence.<\/p>\n<p style=\"text-align: justify;\">L&rsquo;accueil de l&rsquo;\u00e9quipe du foyer et du public fut chaleureux. Un tr\u00e9s bon moment !<\/p>\n<p style=\"text-align: center;\"><a href=\"http:\/\/vealp.fr\/wp-content\/uploads\/Chorale-VEALP_lapin-1.jpg\"><img loading=\"lazy\" decoding=\"async\" class=\"alignnone size-full wp-image-879\" src=\"http:\/\/vealp.fr\/wp-content\/uploads\/Chorale-VEALP_lapin-1.jpg\" alt=\"\" width=\"95\" height=\"105\" \/><\/a><\/p>\n<p>&nbsp;<\/p>\n<p>&nbsp;<\/p>\n","protected":false},"excerpt":{"rendered":"<p>Le 23 janvier 2026, la chorale \u00ab\u00a0Quand Ca Nous Chante\u00a0\u00bb s&rsquo;est produite au foyer Chavaneau, \u00e0 Saint Jean de Braye, devant une salle bien remplie. Elle a emmen\u00e9 le public dans un tourbillon vivant de notes. Un moment&#8230; <a class=\"read-more\" href=\"https:\/\/vealp.fr\/index.php\/2026\/03\/12\/au-foyer-chavaneau-voyage-en-musique\/\">Read More<\/a><\/p>\n","protected":false},"author":1,"featured_media":0,"comment_status":"closed","ping_status":"closed","sticky":false,"template":"","format":"standard","meta":{"footnotes":""},"categories":[39],"tags":[41],"chanson":[],"class_list":["post-868","post","type-post","status-publish","format-standard","hentry","category-evenement","tag-manifestation","no-comments"],"_links":{"self":[{"href":"https:\/\/vealp.fr\/index.php\/wp-json\/wp\/v2\/posts\/868","targetHints":{"allow":["GET"]}}],"collection":[{"href":"https:\/\/vealp.fr\/index.php\/wp-json\/wp\/v2\/posts"}],"about":[{"href":"https:\/\/vealp.fr\/index.php\/wp-json\/wp\/v2\/types\/post"}],"author":[{"embeddable":true,"href":"https:\/\/vealp.fr\/index.php\/wp-json\/wp\/v2\/users\/1"}],"replies":[{"embeddable":true,"href":"https:\/\/vealp.fr\/index.php\/wp-json\/wp\/v2\/comments?post=868"}],"version-history":[{"count":8,"href":"https:\/\/vealp.fr\/index.php\/wp-json\/wp\/v2\/posts\/868\/revisions"}],"predecessor-version":[{"id":885,"href":"https:\/\/vealp.fr\/index.php\/wp-json\/wp\/v2\/posts\/868\/revisions\/885"}],"wp:attachment":[{"href":"https:\/\/vealp.fr\/index.php\/wp-json\/wp\/v2\/media?parent=868"}],"wp:term":[{"taxonomy":"category","embeddable":true,"href":"https:\/\/vealp.fr\/index.php\/wp-json\/wp\/v2\/categories?post=868"},{"taxonomy":"post_tag","embeddable":true,"href":"https:\/\/vealp.fr\/index.php\/wp-json\/wp\/v2\/tags?post=868"},{"taxonomy":"chanson","embeddable":true,"href":"https:\/\/vealp.fr\/index.php\/wp-json\/wp\/v2\/chanson?post=868"}],"curies":[{"name":"wp","href":"https:\/\/api.w.org\/{rel}","templated":true}]}}